{"id":9916,"date":"2017-06-14T12:55:04","date_gmt":"2017-06-14T15:55:04","guid":{"rendered":"http:\/\/projetocineb.com.br\/?p=9916"},"modified":"2017-06-14T12:55:04","modified_gmt":"2017-06-14T15:55:04","slug":"novas-atracoes-em-junho","status":"publish","type":"post","link":"https:\/\/projetocineb.com.br\/?p=9916","title":{"rendered":"Novas atra\u00e7\u00f5es em junho"},"content":{"rendered":"<p><em>CineB traz dois novos filmes no m\u00eas de junho: \u201cShaolin do Sert\u00e3o\u201d, do diretor Halder Gomes, e o document\u00e1rio \u201cNega Que \u00e9 Nega N\u00e3o Nega Ser Nega N\u00e3o!\u201d de F\u00e1bio Nunez. \u201cElis\u201d, tamb\u00e9m ser\u00e1 exibido em julho.<\/em><\/p>\n<p>Junho \u00e9 m\u00eas de festa junina, fogueira, bolo de milho e quent\u00e3o. E tamb\u00e9m de pipoca e filme novo no CineB. O maior projeto de democratiza\u00e7\u00e3o do cinema brasileiro traz duas novas atra\u00e7\u00f5es que ser\u00e3o exibidas nas sess\u00f5es de junho. E tamb\u00e9m de julho.<br \/>\nA primeira atra\u00e7\u00e3o do m\u00eas \u00e9 o document\u00e1rio \u201cNega Que \u00e9 Nega N\u00e3o Nega Ser Nega N\u00e3o!\u201d, do diretor F\u00e1bio Nunez. O filme, inspirado na m\u00fasica de mesmo nome do pr\u00f3prio F\u00e1bio Nunez e Jacson Matos, apresenta a pluralidade e a for\u00e7a do universo negro feminino. Mulheres, de todos os segmentos sociais e profissionais, que s\u00e3o refer\u00eancia para futuras gera\u00e7\u00f5es, grandes exemplos de resist\u00eancia e luta contra os persistentes processos de machismo, racismo e exclus\u00e3o. O filme, assim como a m\u00fasica, \u00e9 um exemplo do orgulho, da resist\u00eancia do universo feminino negro. O filme ser\u00e1 exibido no pr\u00f3ximo dia 27 de junho, na Etec de Heli\u00f3polis, \u00e0s 14h30, com a presen\u00e7a do diretor F\u00e1bio Nunez, que far\u00e1 um debate com os alunos da escola.<\/p>\n<figure id=\"attachment_9923\" aria-describedby=\"caption-attachment-9923\" style=\"width: 640px\" class=\"wp-caption aligncenter\"><a href=\"http:\/\/projetocineb.com.br\/wp-content\/uploads\/2017\/06\/1120091.jpg\"><img fetchpriority=\"high\" decoding=\"async\" class=\"size-full wp-image-9923\" title=\"112009\" src=\"http:\/\/projetocineb.com.br\/wp-content\/uploads\/2017\/06\/1120091.jpg\" alt=\"\" width=\"640\" height=\"360\" \/><\/a><figcaption id=\"caption-attachment-9923\" class=\"wp-caption-text\">A com\u00e9dia &quot;Shaolin do Sert\u00e3o&quot; entra em cartaz em junho no CineB.<\/figcaption><\/figure>\n<p>J\u00e1 o longa \u201cShaolin do Sert\u00e3o\u201d, do diretor Halder Gomes \u00e9 uma \u00f3tima escolha para quem gosta de com\u00e9dia. O diretor de \u201cCine Holli\u00fadi\u201d, tamb\u00e9m exibido no CineB em 2013, traz dessa vez a hist\u00f3ria dos lutadores de vale tudo que na d\u00e9cada de 80 passaram por dificuldades devido a falta de lutas profissionais. A fim de manter a paix\u00e3o pela luta, eles desafiam os valent\u00f5es no interior do Cear\u00e1 que aceitam participar da competi\u00e7\u00e3o criada. \u00c9 assim que Aluiso Li (Edmilson Filho) v\u00ea a sua chance de ouro para realizar o sonho de se tornar um verdadeiro mestre das lutas como os her\u00f3is de seus filmes favoritos. O filme foi lan\u00e7ado no final de 2016 e ser\u00e1 exibido em dois locais: dia 28 de junho, \u00e0s 19h, na Escola Estadual Professor Joaquim Alvares Cruz, Bairro Barragem, Zona Sul de S\u00e3o Paulo. A sess\u00e3o \u00e9 para os alunos da Educa\u00e7\u00e3o de Jovens e Adultos (EJA), mas \u00e9 aberto para toda a comunidade. No dia 14 de julho, 19h, a sess\u00e3o acontece no Projeto Cultural Educacional Novo Pantanal (Procedu), no bairro Uni\u00e3o de Vila Nova, na Zona Leste de S\u00e3o Paulo.<\/p>\n<figure id=\"attachment_9922\" aria-describedby=\"caption-attachment-9922\" style=\"width: 900px\" class=\"wp-caption aligncenter\"><a href=\"http:\/\/projetocineb.com.br\/wp-content\/uploads\/2017\/06\/Elis-andreia-horta.jpg\"><img decoding=\"async\" class=\"size-full wp-image-9922\" title=\"Elis-andreia-horta\" src=\"http:\/\/projetocineb.com.br\/wp-content\/uploads\/2017\/06\/Elis-andreia-horta.jpg\" alt=\"\" width=\"900\" height=\"604\" \/><\/a><figcaption id=\"caption-attachment-9922\" class=\"wp-caption-text\">&quot;Elis&quot;, ser\u00e1 exibido em duas entidades parceiras do CineB em julho.<\/figcaption><\/figure>\n<p>Outro filme em cartaz em julho ser\u00e1 \u201cElis\u201dque conta a vida de Elis Regina Carvalho Costa. Cantora desde crian\u00e7a, entra na vida adulta deixando o Rio Grande do Sul para espalhar seu talento pelo Brasil a partir do Rio de Janeiro. Em r\u00e1pida ascens\u00e3o, ela logo conquista uma legi\u00e3o de f\u00e3s, entre eles o famoso compositor e produtor Ronaldo B\u00f4scoli, com quem acaba se casando. Estrela de TV, pol\u00eamica, intensa e briguenta, a &#8220;Pimentinha&#8221; n\u00e3o tarda a ser reconhecida como a maior voz do Brasil, em carreira marcada por altos e baixos. Com dire\u00e7\u00e3o de Hugo Prata, traz no elenco Andreia Horta, Gustavo Machado e Caco Ciolcler entre outros. O filme esteve em cartaz no CineB no m\u00eas de maio e retorna em julho em duas sess\u00f5es: dia 1\u00ba na Associa\u00e7\u00e3o dos Moradores da Vila Rica, na Zona Leste e dia 15 na Par\u00f3quia Senhor dos Passos e Nossa Senhora das Dores, no Jardim Ip\u00ea, Zona Sul. Ambos a partir das 19 horas, sempre com entreda franca. Confira a programa\u00e7\u00e3o completa abaixo.<\/p>\n<p><strong>SERVI\u00c7O<\/strong><br \/>\n<strong>CINEMA BRASILEIRO NA ETEC HELI\u00d3POLIS<\/strong><br \/>\n<strong>FILME:<\/strong> Nega Que \u00c9 Nega N\u00e3o Nega Ser Nega N\u00e3o!<br \/>\n<strong>DIA:<\/strong> 27 de junho, ter\u00e7a-feira, 14h30<br \/>\n<strong>LOCAL:<\/strong> Etec Heli\u00f3polis<br \/>\n<strong>ENDERE\u00c7O:<\/strong> Estrada das L\u00e1grimas, 2461 \u2013 S\u00e3o Jo\u00e3o Cl\u00edmaco, S\u00e3o Paulo<br \/>\nO diretor F\u00e1bio Nunez participar\u00e1 de um debate com os alunos<\/p>\n<p><strong>CINEMA BRASILEIRO NA BARRAGEM<\/strong><br \/>\n<strong> FILME:<\/strong> Shaolin do Sert\u00e3o<br \/>\n<strong>DIA:<\/strong> 28 de junho, quarta-feira, 19h<br \/>\n<strong>LOCAL:<\/strong> Escola Estadual Professor Joaquim Alvares Cruz<br \/>\n<strong>ENDERE\u00c7O:<\/strong> Rua Dois, s\/n \u2013 Bairro da Barragem , S\u00e3o Paulo<br \/>\n<strong>ENTRADA:<\/strong> Franca<br \/>\nA sess\u00e3o especial para os alunos do EJA \u2013 Educa\u00e7\u00e3o de Jovens e Adultos tamb\u00e9m ser\u00e1 aberta para toda comunidade<\/p>\n<p><strong>CINEMA BRASILEIRO NA VILA RICA<\/strong><br \/>\n<strong> FILME:<\/strong> Elis<br \/>\n<strong>DIA:<\/strong> 1 de julho, s\u00e1bado, 19h<br \/>\n<strong>LOCAL:<\/strong> Associa\u00e7\u00e3o de Moradores da Vila Rica<br \/>\n<strong>ENDERE\u00c7O:<\/strong> Rua Jo\u00e3o Batista Lima,47 \u2013 Vila Rica, S\u00e3o Paulo<br \/>\n<strong>ENTRADA:<\/strong> Franca<\/p>\n<p><strong>CINEMA BRASILEIRO NA UNI\u00c3O DE VILA NOVA<\/strong><br \/>\n<strong> FILME:<\/strong> Shaolin do Sert\u00e3o<br \/>\n<strong>DIA:<\/strong> 14 de julho, sexta-feira, 19h<br \/>\n<strong>LOCAL:<\/strong> Procedu &#8211; Projeto Cultural Educacional Novo Pantanal<br \/>\n<strong>ENDERE\u00c7O:<\/strong> Rua 5 de Novembro, 713 \u2013 Uni\u00e3o de Vila Nova, S\u00e3o Paulo<br \/>\n<strong>ENTRADA:<\/strong> Franca<\/p>\n<p><strong>CINEMA BRASILEIRO NO JARDIM IP\u00ca<\/strong><br \/>\n<strong> FILME:<\/strong> Elis<br \/>\n<strong>DIA:<\/strong> 15 de julho, s\u00e1bado, 19h<br \/>\n<strong>LOCAL:<\/strong> Par\u00f3quia Senhor dos Passos e Nossa Senhora das Dores<br \/>\n<strong>ENDERE\u00c7O:<\/strong> Rua Jos\u00e9 M\u00e1ximo Pinheiro de Lima, 410 \u2013 Jardim Ip\u00ea, S\u00e3o Paulo<br \/>\n<strong>ENTRADA:<\/strong> Franca<\/p>\n","protected":false},"excerpt":{"rendered":"<p>CineB traz dois novos filmes no m\u00eas de junho: \u201cShaolin do Sert\u00e3o\u201d, do diretor Halder Gomes, e o document\u00e1rio \u201cNega[&#8230;]<\/p>\n","protected":false},"author":2,"featured_media":9919,"comment_status":"open","ping_status":"open","sticky":false,"template":"","format":"standard","meta":[],"categories":[2],"tags":[154,181,252,448,503,592,612,844,1117,1132],"_links":{"self":[{"href":"https:\/\/projetocineb.com.br\/index.php?rest_route=\/wp\/v2\/posts\/9916"}],"collection":[{"href":"https:\/\/projetocineb.com.br\/index.php?rest_route=\/wp\/v2\/posts"}],"about":[{"href":"https:\/\/projetocineb.com.br\/index.php?rest_route=\/wp\/v2\/types\/post"}],"author":[{"embeddable":true,"href":"https:\/\/projetocineb.com.br\/index.php?rest_route=\/wp\/v2\/users\/2"}],"replies":[{"embeddable":true,"href":"https:\/\/projetocineb.com.br\/index.php?rest_route=%2Fwp%2Fv2%2Fcomments&post=9916"}],"version-history":[{"count":0,"href":"https:\/\/projetocineb.com.br\/index.php?rest_route=\/wp\/v2\/posts\/9916\/revisions"}],"wp:featuredmedia":[{"embeddable":true,"href":"https:\/\/projetocineb.com.br\/index.php?rest_route=\/wp\/v2\/media\/9919"}],"wp:attachment":[{"href":"https:\/\/projetocineb.com.br\/index.php?rest_route=%2Fwp%2Fv2%2Fmedia&parent=9916"}],"wp:term":[{"taxonomy":"category","embeddable":true,"href":"https:\/\/projetocineb.com.br\/index.php?rest_route=%2Fwp%2Fv2%2Fcategories&post=9916"},{"taxonomy":"post_tag","embeddable":true,"href":"https:\/\/projetocineb.com.br\/index.php?rest_route=%2Fwp%2Fv2%2Ftags&post=9916"}],"curies":[{"name":"wp","href":"https:\/\/api.w.org\/{rel}","templated":true}]}}