{"id":9929,"date":"2017-06-18T01:00:18","date_gmt":"2017-06-18T04:00:18","guid":{"rendered":"http:\/\/projetocineb.com.br\/?p=9929"},"modified":"2017-06-18T01:00:18","modified_gmt":"2017-06-18T04:00:18","slug":"19-de-julho-dia-do-cinema-brasileiro","status":"publish","type":"post","link":"https:\/\/projetocineb.com.br\/?p=9929","title":{"rendered":"19 de julho, Dia do Cinema Brasileiro"},"content":{"rendered":"<p><em>O CineB s\u00f3 existe porque existe cinema brasileiro. Por isso, hoje prestamos uma homenagem a todos profissionais que constru\u00edram e constroem, \u00a0nesses quase 120 anos, uma das hist\u00f3rias mais ricas da cultura nacional.<\/em><\/p>\n<p>H\u00e1 119 anos, Affonso Segretto, cinegrafista italiano gravou, do navio Br\u00e8sil, sua chegada ao Rio de Janeiro. Essas imagens tornaram-se as primeiras feitas no Brasil e selaram o dia 19 de junho como a data em homenagem ao Cinema Brasileiro.<br \/>\nHoje, tanto tempo depois, o cinema do Brasil acumula uma hist\u00f3ria rica, que passou por altos e baixos, e que produziu uma s\u00e9rie de sucessos e legou ao mundo alguns cl\u00e1ssicos da s\u00e9tima arte como \u201cO Pagador de Promessas\u201d, \u201cDeus e o Diabo na Terra do Sol\u201d ou os recentes \u201cCentral do Brasil\u201d e \u201cCidade de Deus\u201d.<br \/>\nE o CineB faz parte dessa hist\u00f3ria. Nesses dez anos de projeto, temos o orgulho de ter contribu\u00eddo para construir um pouco do sonho do cinema brasileiro. Foram mais de 430 sess\u00f5es de cinema onde foram exibidos mais de 100 longas e 70 curta-metragens que alcan\u00e7aram um p\u00fablico superior a 56 mil pessoas.<br \/>\nDeixamos nosso parab\u00e9ns a todos os diretores e diretoras, produtores e produtoras, atores, atrizes, exibidores e profissionais de todas as \u00e1reas que constroem, no dia a dia, o cinema brasileiro. E nossa homenagem a todos aqueles que fazem parte dessa hist\u00f3ria nesses 119 anos.<\/p>\n","protected":false},"excerpt":{"rendered":"<p>O CineB s\u00f3 existe porque existe cinema brasileiro. Por isso, hoje prestamos uma homenagem a todos profissionais que constru\u00edram e[&#8230;]<\/p>\n","protected":false},"author":2,"featured_media":9936,"comment_status":"open","ping_status":"open","sticky":false,"template":"","format":"standard","meta":[],"categories":[2],"tags":[],"_links":{"self":[{"href":"https:\/\/projetocineb.com.br\/index.php?rest_route=\/wp\/v2\/posts\/9929"}],"collection":[{"href":"https:\/\/projetocineb.com.br\/index.php?rest_route=\/wp\/v2\/posts"}],"about":[{"href":"https:\/\/projetocineb.com.br\/index.php?rest_route=\/wp\/v2\/types\/post"}],"author":[{"embeddable":true,"href":"https:\/\/projetocineb.com.br\/index.php?rest_route=\/wp\/v2\/users\/2"}],"replies":[{"embeddable":true,"href":"https:\/\/projetocineb.com.br\/index.php?rest_route=%2Fwp%2Fv2%2Fcomments&post=9929"}],"version-history":[{"count":0,"href":"https:\/\/projetocineb.com.br\/index.php?rest_route=\/wp\/v2\/posts\/9929\/revisions"}],"wp:featuredmedia":[{"embeddable":true,"href":"https:\/\/projetocineb.com.br\/index.php?rest_route=\/wp\/v2\/media\/9936"}],"wp:attachment":[{"href":"https:\/\/projetocineb.com.br\/index.php?rest_route=%2Fwp%2Fv2%2Fmedia&parent=9929"}],"wp:term":[{"taxonomy":"category","embeddable":true,"href":"https:\/\/projetocineb.com.br\/index.php?rest_route=%2Fwp%2Fv2%2Fcategories&post=9929"},{"taxonomy":"post_tag","embeddable":true,"href":"https:\/\/projetocineb.com.br\/index.php?rest_route=%2Fwp%2Fv2%2Ftags&post=9929"}],"curies":[{"name":"wp","href":"https:\/\/api.w.org\/{rel}","templated":true}]}}