{"id":995,"date":"2010-07-21T17:06:28","date_gmt":"2010-07-21T20:06:28","guid":{"rendered":"http:\/\/projetocineb.com.br\/?p=995"},"modified":"2010-07-21T17:06:28","modified_gmt":"2010-07-21T20:06:28","slug":"amanha-na-galeria-borba-gato-em-santos-amaro","status":"publish","type":"post","link":"https:\/\/projetocineb.com.br\/?p=995","title":{"rendered":"AMANH\u00c3 NA GALERIA BORBA GATO EM SANTO AMARO"},"content":{"rendered":"<p>E a\u00ed pessoal!<\/p>\n<p><span style=\"color: #ff6600;\">Amanh\u00e3 estaremos na Galeria Borba Gato, no bairro de Santo Amaro<\/span> para mais uma sess\u00e3o do Cine B. Ser\u00e1 exibido o <span style=\"color: #ff6600;\">curta-metragem <\/span><em><span style=\"color: #ff6600;\">O Astista contra o caba do mal<\/span><\/em><span style=\"color: #ff6600;\"> e o longa <\/span><em><span style=\"color: #ff6600;\">O casamento de Romeu e Julieta<\/span><\/em>.<\/p>\n<figure id=\"attachment_996\" aria-describedby=\"caption-attachment-996\" style=\"width: 169px\" class=\"wp-caption aligncenter\"><a href=\"http:\/\/projetocineb.com.br\/wp-content\/uploads\/2010\/07\/ENTRADA-RUA-ANCHIETA.jpg\"><img decoding=\"async\" class=\"size-full wp-image-996  \" title=\"Cartaz na entrada da galeria\" src=\"http:\/\/projetocineb.com.br\/wp-content\/uploads\/2010\/07\/ENTRADA-RUA-ANCHIETA.jpg\" alt=\"Cartaz na entrada da galeria\" width=\"169\" height=\"278\" \/><\/a><figcaption id=\"caption-attachment-996\" class=\"wp-caption-text\">Cartaz na entrada da galeria<\/figcaption><\/figure>\n<p>Nos encontramos l\u00e1, certo?<\/p>\n<p>DIA: <span style=\"color: #ff6600;\">22\u00a0DE JULHO<\/span>\/ 2010, QUINTA-FEIRA,\u00a0<span style=\"color: #ff6600;\">19h<\/span><br \/>\nLOCAL: <span style=\"color: #ff6600;\">CORREDOR DA GALERIA<\/span><br \/>\nENDERE\u00c7O: <span style=\"color: #ff6600;\">Av Adolfo Pinheiro , 384- Santo Amaro<\/span><br \/>\nPONTO DE REFER\u00caNCIA: Faculdade Unisa<br \/>\n<span style=\"color: #ff6600;\"> RETIRADA DE INGRESSOS: \u00a0M\u00e1rcia, Loja 50 (Momentos \u00a0Instrumentos Musicais)<\/span><br \/>\nInforma\u00e7\u00f5es\u00a0 pelo fone : <span style=\"color: #ff6600;\">11 \u2013 5686-4161<\/span><br \/>\nEspa\u00e7o com capacidade\u00a0para 300\u00a0pessoas<\/p>\n<figure id=\"attachment_997\" aria-describedby=\"caption-attachment-997\" style=\"width: 293px\" class=\"wp-caption aligncenter\"><a href=\"http:\/\/projetocineb.com.br\/wp-content\/uploads\/2010\/07\/borbagato.jpg\"><img fetchpriority=\"high\" decoding=\"async\" class=\"size-full wp-image-997  \" title=\"Vista da Galeria Borba Gato\" src=\"http:\/\/projetocineb.com.br\/wp-content\/uploads\/2010\/07\/borbagato.jpg\" alt=\"Vista da Galeria Borba Gato\" width=\"293\" height=\"220\" \/><\/a><figcaption id=\"caption-attachment-997\" class=\"wp-caption-text\">Vista da Galeria Borba Gato<\/figcaption><\/figure>\n","protected":false},"excerpt":{"rendered":"<p>E a\u00ed pessoal! Amanh\u00e3 estaremos na Galeria Borba Gato, no bairro de Santo Amaro para mais uma sess\u00e3o do Cine[&#8230;]<\/p>\n","protected":false},"author":2,"featured_media":0,"comment_status":"open","ping_status":"open","sticky":false,"template":"","format":"standard","meta":[],"categories":[10],"tags":[154,242,263,266,567,856,859,1089,1132,1251],"_links":{"self":[{"href":"https:\/\/projetocineb.com.br\/index.php?rest_route=\/wp\/v2\/posts\/995"}],"collection":[{"href":"https:\/\/projetocineb.com.br\/index.php?rest_route=\/wp\/v2\/posts"}],"about":[{"href":"https:\/\/projetocineb.com.br\/index.php?rest_route=\/wp\/v2\/types\/post"}],"author":[{"embeddable":true,"href":"https:\/\/projetocineb.com.br\/index.php?rest_route=\/wp\/v2\/users\/2"}],"replies":[{"embeddable":true,"href":"https:\/\/projetocineb.com.br\/index.php?rest_route=%2Fwp%2Fv2%2Fcomments&post=995"}],"version-history":[{"count":0,"href":"https:\/\/projetocineb.com.br\/index.php?rest_route=\/wp\/v2\/posts\/995\/revisions"}],"wp:attachment":[{"href":"https:\/\/projetocineb.com.br\/index.php?rest_route=%2Fwp%2Fv2%2Fmedia&parent=995"}],"wp:term":[{"taxonomy":"category","embeddable":true,"href":"https:\/\/projetocineb.com.br\/index.php?rest_route=%2Fwp%2Fv2%2Fcategories&post=995"},{"taxonomy":"post_tag","embeddable":true,"href":"https:\/\/projetocineb.com.br\/index.php?rest_route=%2Fwp%2Fv2%2Ftags&post=995"}],"curies":[{"name":"wp","href":"https:\/\/api.w.org\/{rel}","templated":true}]}}