{"id":9964,"date":"2017-07-01T15:08:45","date_gmt":"2017-07-01T18:08:45","guid":{"rendered":"http:\/\/projetocineb.com.br\/?p=9964"},"modified":"2017-07-01T15:08:45","modified_gmt":"2017-07-01T18:08:45","slug":"ultimo-bairro-da-cidade-recebe-cineb","status":"publish","type":"post","link":"https:\/\/projetocineb.com.br\/?p=9964","title":{"rendered":"\u201c\u00daltimo bairro da cidade\u201d recebe CineB"},"content":{"rendered":"<p><em>CineB esteve pela terceira vez na EE Prof. Joaquim \u00c1lvares Cruz, no bairro Barragem, extremo Sul de S\u00e3o Paulo, na \u00faltima quarta-feira, 28\/6, para exibir a com\u00e9dia \u201cShaolin do Sert\u00e3o\u201d, de Halder Gomes. Antes da sess\u00e3o, a fanfarra da escola fez uma apresenta\u00e7\u00e3o.<\/em><br \/>\nBarragem \u00e9 um dos bairros mais distantes do Centro de S\u00e3o Paulo. Fica a 48 quil\u00f4metros do Marco Zero da cidade. Surgiu no entorno da Barragem da EMAE, \u00e9 formada por ch\u00e1caras e s\u00edtios e conta com apenas uma linha de transporte coletivo que liga a regi\u00e3o ao Terminal Parelheiros. Pr\u00f3ximo ao ponto final do \u00f4nibus, fica a Escola Estadual Joaquim \u00c1lvares Cruz, onde pela terceira vez o CineB exibe uma sess\u00e3o.<\/p>\n<figure id=\"attachment_9966\" aria-describedby=\"caption-attachment-9966\" style=\"width: 831px\" class=\"wp-caption aligncenter\"><a href=\"http:\/\/projetocineb.com.br\/wp-content\/uploads\/2017\/07\/DSC_0934.jpg\"><img fetchpriority=\"high\" decoding=\"async\" class=\"size-full wp-image-9966\" title=\"DSC_0934\" src=\"http:\/\/projetocineb.com.br\/wp-content\/uploads\/2017\/07\/DSC_0934.jpg\" alt=\"\" width=\"831\" height=\"504\" \/><\/a><figcaption id=\"caption-attachment-9966\" class=\"wp-caption-text\">Moradores dos bairros Cidade Luz, Santo Antonio, Santa Cruz, Krucutu, Ch\u00e1cara do Bananal, Jardim Represa e Barragem participaram da sess\u00e3o do CineB<\/figcaption><\/figure>\n<p>As duas sess\u00f5es anteriores aconteceram em 2015. Neste ano, a diretora da escola Edna Cristina da Silva estava torcendo para o retorno do projeto. \u201cOs alunos e a comunidade cobraram muito uma nova sess\u00e3o\u201d, explicou. O CineB reservou uma com\u00e9dia, o longa-metragem \u201cShaolin do Sert\u00e3o\u201d, do diretor Halder Gomes, para o bairro que fica a cerca de uma hora e meia de \u00f4nibus do cinema mais pr\u00f3ximo, localizado no Shopping Interlagos. Lan\u00e7ado no final de 2016, o filme conta a hist\u00f3ria dos lutadores de vale tudo que na d\u00e9cada de 80 passaram por dificuldades devido a falta de lutas profissionais. A fim de manter a paix\u00e3o pela luta, eles desafiam os valent\u00f5es no interior do Cear\u00e1 que aceitam participar da competi\u00e7\u00e3o. \u00c9 assim que Aluiso Li (Edmilson Filho) v\u00ea a sua chance de ouro para realizar o sonho de se tornar um verdadeiro mestre das lutas como os her\u00f3is de seus filmes favoritos.<\/p>\n<figure id=\"attachment_9967\" aria-describedby=\"caption-attachment-9967\" style=\"width: 831px\" class=\"wp-caption aligncenter\"><a href=\"http:\/\/projetocineb.com.br\/wp-content\/uploads\/2017\/07\/DSC_0937.jpg\"><img decoding=\"async\" class=\"size-full wp-image-9967\" title=\"DSC_0937\" src=\"http:\/\/projetocineb.com.br\/wp-content\/uploads\/2017\/07\/DSC_0937.jpg\" alt=\"\" width=\"831\" height=\"547\" \/><\/a><figcaption id=\"caption-attachment-9967\" class=\"wp-caption-text\">EMEF Vagem Grande fretou um \u00f4nibus para levar os alunos do EJA \u00e0 sess\u00e3o.<\/figcaption><\/figure>\n<p>Mais uma vez a articuladora da sess\u00e3o foi a moradora do bairro e funcion\u00e1ria da Regional Sul do Sindicato dos Banc\u00e1rios de S\u00e3o Paulo, Osasco e Regi\u00e3o, S\u00f4nia Estela da Silva, Fuma\u00e7a entre os banc\u00e1rios e Nega Fu na comunidade. Para ela, a sess\u00e3o representa o casamento entre o asfalto e o ch\u00e3o de barro. \u201c\u00c9 poss\u00edvel trazer a cultura e o lazer para o nosso povo, para o \u00faltimo bairro da cidade de S\u00e3o Paulo, que \u00e9 t\u00e3o desprovido de tudo. Para mim \u00e9 um orgulho muito grande ter o CineB aqui novamente\u201d, comentou, pouco antes do in\u00edcio da sess\u00e3o e diante de um p\u00e1tio da escola lotado, com as 200 cadeiras ocupadas.<\/p>\n<figure id=\"attachment_9970\" aria-describedby=\"caption-attachment-9970\" style=\"width: 831px\" class=\"wp-caption aligncenter\"><a href=\"http:\/\/projetocineb.com.br\/wp-content\/uploads\/2017\/07\/DSC_09291.jpg\"><img decoding=\"async\" class=\"size-full wp-image-9970\" title=\"DSC_0929\" src=\"http:\/\/projetocineb.com.br\/wp-content\/uploads\/2017\/07\/DSC_09291.jpg\" alt=\"\" width=\"831\" height=\"552\" \/><\/a><figcaption id=\"caption-attachment-9970\" class=\"wp-caption-text\">Moradores acompanham o curta-metragem &#8220;Cores e Botas&#8221;.<\/figcaption><\/figure>\n<p>O p\u00fablico era formado por moradores da Cidade Luz, Santo Antonio, Santa Cruz, Krukutu, Ch\u00e1cara do Bananal, Jardim Represa e da pr\u00f3pria Barragem. A sess\u00e3o tamb\u00e9m contou com os alunos da Educa\u00e7\u00e3o de Jovens e Adultos (EJA) da EMEF Vagem Grande, que fretou um \u00f4nibus para poder ir at\u00e9 a EE Prof. Joaquim \u00c1lvares Cruz. Rosilene dos Santos Filho era uma das alunas do EJA presente na sess\u00e3o. Ela conta que tem cinco filhos e mora na regi\u00e3o h\u00e1 18 anos. Nunca tinha entrado numa sess\u00e3o de cinema antes. \u201cNingu\u00e9m me convidou, ent\u00e3o eu nunca fui. A sorte \u00e9 que a escola veio, sen\u00e3o ficaria sem conhecer\u201d, completa.<\/p>\n<figure id=\"attachment_9972\" aria-describedby=\"caption-attachment-9972\" style=\"width: 831px\" class=\"wp-caption aligncenter\"><a href=\"http:\/\/projetocineb.com.br\/wp-content\/uploads\/2017\/07\/DSC_0961.jpg\"><img loading=\"lazy\" decoding=\"async\" class=\"size-full wp-image-9972\" title=\"DSC_0961\" src=\"http:\/\/projetocineb.com.br\/wp-content\/uploads\/2017\/07\/DSC_0961.jpg\" alt=\"\" width=\"831\" height=\"552\" \/><\/a><figcaption id=\"caption-attachment-9972\" class=\"wp-caption-text\">O p\u00fablico adorou a apresenta\u00e7\u00e3o da fanfarra da escola, reativada depois de um ano e meio sem atividade.<\/figcaption><\/figure>\n<p>Quem j\u00e1 estava na sess\u00e3o antes da chegada dos alunos do EJA assistiram aos curta-metragens \u201cAnimais\u201d, da Oca Animations, uma anima\u00e7\u00e3o que trata da vida dos seres humanos como se fossem animais e \u201cBotas e Cores\u201d (2010) de Juliana Vicente, uma cr\u00edtica \u00e0 estetiza\u00e7\u00e3o dos programas infantis. Antes da abertura oficial da sess\u00e3o, os presentes acompanharam uma apresenta\u00e7\u00e3o da Fanfarra da Escola, que atualmente \u00e9 comandada pelo estudante do segundo ano do Ensino M\u00e9dio, Kevin Chagas Pereira. Kevin explica que a fanfarra atuava desde 2005, mas foi desmontada em 2016. \u201cH\u00e1 dois meses, organizamos o grupo novamente. Eu tocava na fanfarra desde 2014 e adorava. Quando a diretora me convidou para retomar, eu fiquei feliz, busquei antigos alunos da escola e formamos o grupo que hoje tem 12 pessoas. Eu n\u00e3o sou regente. Eu s\u00f3 ajudo nos toques, na forma\u00e7\u00e3o, na baliza e estou buscando me capacitar para poder continuar com esse trabalho\u201d, destacou o jovem de 17 anos.<\/p>\n<figure id=\"attachment_9973\" aria-describedby=\"caption-attachment-9973\" style=\"width: 807px\" class=\"wp-caption aligncenter\"><a href=\"http:\/\/projetocineb.com.br\/wp-content\/uploads\/2017\/07\/DSC_0945.jpg\"><img loading=\"lazy\" decoding=\"async\" class=\"size-full wp-image-9973\" title=\"DSC_0945\" src=\"http:\/\/projetocineb.com.br\/wp-content\/uploads\/2017\/07\/DSC_0945.jpg\" alt=\"\" width=\"807\" height=\"552\" \/><\/a><figcaption id=\"caption-attachment-9973\" class=\"wp-caption-text\">CineB sorteou livros doados pela ONG Eh Aqui para o presentes.<\/figcaption><\/figure>\n<p>A com\u00e9dia, que conta com a a atua\u00e7\u00e3o do ator e cantor Falc\u00e3o, caiu no gosto dos moradores, que se divertiram muito. Ao final da exibi\u00e7\u00e3o muitos aplausos e elogios, inclusive da estudante do EJA Cintia Queli da Silva. \u201cGostei muito do filme e estou emocionada, porque quando era pequena estudei aqui. Nunca mais havia retornado. Hoje moro l\u00e1 na Vargem Grande, fa\u00e7o EJA com meu filho, Wellington [da Silva Laqualli]. Ele est\u00e1 na oitava s\u00e9rie e eu na sexta. Eu queria muito rever a escola\u201d, completa, retornando para o \u00f4nibus dos estudantes ao lado do filho.<\/p>\n<figure id=\"attachment_9975\" aria-describedby=\"caption-attachment-9975\" style=\"width: 831px\" class=\"wp-caption aligncenter\"><a href=\"http:\/\/projetocineb.com.br\/wp-content\/uploads\/2017\/07\/DSC_09851.jpg\"><img loading=\"lazy\" decoding=\"async\" class=\"size-full wp-image-9975\" title=\"DSC_0985\" src=\"http:\/\/projetocineb.com.br\/wp-content\/uploads\/2017\/07\/DSC_09851.jpg\" alt=\"\" width=\"831\" height=\"552\" \/><\/a><figcaption id=\"caption-attachment-9975\" class=\"wp-caption-text\">Cintia Queli e o filho Wellington, alunos do EJA da EMEF Vargem Grande assistiram juntos a sess\u00e3o.<\/figcaption><\/figure>\n<p>Na sess\u00e3o foram sorteados livros doados pela ONG Eh Aqui, uma parceira do Cine B que funciona como uma facilitadora na doa\u00e7\u00e3o de livros, visando democratizar o acesso \u00e0 cultura e distribu\u00eddos exemplares do jornal \u201cLe Monde Diplomatique Brasil\u201d, outro parceiro do CineB.<\/p>\n<figure id=\"attachment_9968\" aria-describedby=\"caption-attachment-9968\" style=\"width: 831px\" class=\"wp-caption aligncenter\"><a href=\"http:\/\/projetocineb.com.br\/wp-content\/uploads\/2017\/07\/DSC_0970.jpg\"><img loading=\"lazy\" decoding=\"async\" class=\"size-full wp-image-9968\" title=\"DSC_0970\" src=\"http:\/\/projetocineb.com.br\/wp-content\/uploads\/2017\/07\/DSC_0970.jpg\" alt=\"\" width=\"831\" height=\"552\" \/><\/a><figcaption id=\"caption-attachment-9968\" class=\"wp-caption-text\">At\u00e9 a pr\u00f3xima sess\u00e3o!<\/figcaption><\/figure>\n<p>O CineB \u00e9 um circuito itinerante de cinema realizado pelo Sindicato dos Banc\u00e1rios de S\u00e3o Paulo, Osasco e Regi\u00e3o e pela Brazucah Produ\u00e7\u00f5es. Desde 2007, o j\u00e1 atingiu um p\u00fablico superior a 56 mil espectadores em mais de 430 sess\u00f5es gratuitas realizadas em comunidades de S\u00e3o Paulo. A iniciativa busca democratizar o acesso ao cinema nacional e divulgar os filmes produzidos no Brasil. Foram exibidos na tela do CineB mais de 100 longas-metragens e 69 curtas-metragens, al\u00e9m da realiza\u00e7\u00e3o de pr\u00e9-estreias exclusivas.<\/p>\n","protected":false},"excerpt":{"rendered":"<p>CineB esteve pela terceira vez na EE Prof. Joaquim \u00c1lvares Cruz, no bairro Barragem, extremo Sul de S\u00e3o Paulo, na[&#8230;]<\/p>\n","protected":false},"author":2,"featured_media":9965,"comment_status":"open","ping_status":"open","sticky":false,"template":"","format":"standard","meta":[],"categories":[2,6],"tags":[130,181,237,252,419,437,592,843,926,1117,1132],"_links":{"self":[{"href":"https:\/\/projetocineb.com.br\/index.php?rest_route=\/wp\/v2\/posts\/9964"}],"collection":[{"href":"https:\/\/projetocineb.com.br\/index.php?rest_route=\/wp\/v2\/posts"}],"about":[{"href":"https:\/\/projetocineb.com.br\/index.php?rest_route=\/wp\/v2\/types\/post"}],"author":[{"embeddable":true,"href":"https:\/\/projetocineb.com.br\/index.php?rest_route=\/wp\/v2\/users\/2"}],"replies":[{"embeddable":true,"href":"https:\/\/projetocineb.com.br\/index.php?rest_route=%2Fwp%2Fv2%2Fcomments&post=9964"}],"version-history":[{"count":0,"href":"https:\/\/projetocineb.com.br\/index.php?rest_route=\/wp\/v2\/posts\/9964\/revisions"}],"wp:featuredmedia":[{"embeddable":true,"href":"https:\/\/projetocineb.com.br\/index.php?rest_route=\/wp\/v2\/media\/9965"}],"wp:attachment":[{"href":"https:\/\/projetocineb.com.br\/index.php?rest_route=%2Fwp%2Fv2%2Fmedia&parent=9964"}],"wp:term":[{"taxonomy":"category","embeddable":true,"href":"https:\/\/projetocineb.com.br\/index.php?rest_route=%2Fwp%2Fv2%2Fcategories&post=9964"},{"taxonomy":"post_tag","embeddable":true,"href":"https:\/\/projetocineb.com.br\/index.php?rest_route=%2Fwp%2Fv2%2Ftags&post=9964"}],"curies":[{"name":"wp","href":"https:\/\/api.w.org\/{rel}","templated":true}]}}