{"id":9984,"date":"2017-07-04T10:57:27","date_gmt":"2017-07-04T13:57:27","guid":{"rendered":"http:\/\/projetocineb.com.br\/?p=9984"},"modified":"2017-07-04T10:57:27","modified_gmt":"2017-07-04T13:57:27","slug":"vila-rica-pela-13a-vez","status":"publish","type":"post","link":"https:\/\/projetocineb.com.br\/?p=9984","title":{"rendered":"Vila Rica pela 13\u00aa vez"},"content":{"rendered":"<p><em>O CineB esteve no \u00faltimo s\u00e1bado, 1\u00ba de julho, na Associa\u00e7\u00e3o dos Moradores da Vila Rica, na Zona Leste de S\u00e3o Paulo. O espa\u00e7o recebe sess\u00f5es do projeto h\u00e1 10 anos. A exibi\u00e7\u00e3o do filme \u201cElis\u201d, de Hugo Prata, foi a 13\u00aa sess\u00e3o realizada no local.<\/em><br \/>\nNesses dez anos de exist\u00eancia, o CineB retornou diversas vezes aos espa\u00e7os parceiros projeto. Segundo o coordenador do projeto, Cid\u00e1lio Vieira Santos, \u00e9 uma forma de assumir um compromisso com a comunidade de que o CineB n\u00e3o \u00e9 um evento que acontece apenas uma \u00fanica vez. \u201cRepetir significa criar o h\u00e1bito de levar o cinema brasileiro at\u00e9 onde o povo est\u00e1. Retornamos muitas vezes em igrejas, escolas, entidades e associa\u00e7\u00f5es de bairros, mas nenhuma delas tanto quanto a Vila Rica\u201d, explica.<\/p>\n<figure id=\"attachment_9987\" aria-describedby=\"caption-attachment-9987\" style=\"width: 831px\" class=\"wp-caption aligncenter\"><a href=\"http:\/\/projetocineb.com.br\/wp-content\/uploads\/2017\/07\/DSC_00121.jpg\"><img fetchpriority=\"high\" decoding=\"async\" class=\"size-full wp-image-9987\" title=\"DSC_0012\" src=\"http:\/\/projetocineb.com.br\/wp-content\/uploads\/2017\/07\/DSC_00121.jpg\" alt=\"\" width=\"831\" height=\"552\" \/><\/a><figcaption id=\"caption-attachment-9987\" class=\"wp-caption-text\">No CineB, a pipoca \u00e9 por nossa conta.<\/figcaption><\/figure>\n<p>A parceria entre o CineB e a Associa\u00e7\u00e3o dos Moradores da Vila Rica \u00e9 t\u00e3o antiga quanto o projeto. Foram 13 sess\u00f5es em dez anos. Ano passado, por exemplo, aconteceram duas sess\u00f5es. E este ano o retorno j\u00e1 era esperado pela diretoria da entidade, para comemorar a parceria. A presidente da entidade, Bia Moreno que acompanhou o trabalho desde o in\u00edcio conta que sempre gostou do projeto. \u201cEstou bastante emocionada por participar h\u00e1 dez anos do CineB\u201d.<\/p>\n<figure id=\"attachment_9988\" aria-describedby=\"caption-attachment-9988\" style=\"width: 831px\" class=\"wp-caption aligncenter\"><a href=\"http:\/\/projetocineb.com.br\/wp-content\/uploads\/2017\/07\/DSC_0018.jpg\"><img decoding=\"async\" class=\"size-full wp-image-9988\" title=\"DSC_0018\" src=\"http:\/\/projetocineb.com.br\/wp-content\/uploads\/2017\/07\/DSC_0018.jpg\" alt=\"\" width=\"831\" height=\"552\" \/><\/a><figcaption id=\"caption-attachment-9988\" class=\"wp-caption-text\">A sess\u00e3o come\u00e7ou com a exibi\u00e7\u00e3o do curta &#8220;Eu N\u00e3o Digo Adeus, Digo At\u00e9 Logo&#8221;.<\/figcaption><\/figure>\n<p>Ela conta que as pessoas v\u00eam de bairros distantes para a sess\u00e3o. \u201cPara a comunidade \u00e9 muito bom ter iniciativas assim. Nem todos conseguem ir a um cinema, mas sabem que o CineB est\u00e1 sempre aqui ent\u00e3o v\u00eam, participam e saem felizes. S\u00f3 isso j\u00e1 vale a pena para a gente\u201d, reflete.<br \/>\nA sess\u00e3o come\u00e7ou com a exibi\u00e7\u00e3o do curta-metragem \u201cEu N\u00e3o Digo Adeus, Digo At\u00e9 Logo\u201d, com roteiro e dire\u00e7\u00e3o de Giuliana Monteiro. O curta, exibido em diversos festivais internacionais conta a hist\u00f3ria de Antonio, menino de 10 anos, que \u00e9 apaixonado por caminh\u00f5es e mora num vilarejo na beira de uma estrada do interior de Minas Gerais. O menino sonha em encontrar o pai, um caminhoneiro, cuja \u00fanica lembran\u00e7a \u00e9 uma foto antiga em um caminh\u00e3o.<\/p>\n<figure id=\"attachment_9989\" aria-describedby=\"caption-attachment-9989\" style=\"width: 831px\" class=\"wp-caption aligncenter\"><a href=\"http:\/\/projetocineb.com.br\/wp-content\/uploads\/2017\/07\/DSC_0025.jpg\"><img decoding=\"async\" class=\"size-full wp-image-9989\" title=\"DSC_0025\" src=\"http:\/\/projetocineb.com.br\/wp-content\/uploads\/2017\/07\/DSC_0025.jpg\" alt=\"\" width=\"831\" height=\"552\" \/><\/a><figcaption id=\"caption-attachment-9989\" class=\"wp-caption-text\">Abertura oficial da sess\u00e3o com a presidente da associa\u00e7\u00e3o Bia Moreno e o coordenador do CineB Cid\u00e1lio Vieira Santos.<\/figcaption><\/figure>\n<p>Na sequ\u00eancia, foi exibido o filme \u201cElis\u201d que conta a vida de Elis Regina Carvalho Costa. Cantora desde crian\u00e7a, entra na vida adulta deixando o Rio Grande do Sul para espalhar seu talento pelo Brasil a partir do Rio de Janeiro. Em r\u00e1pida ascens\u00e3o, ela logo conquista uma legi\u00e3o de f\u00e3s, entre eles o famoso compositor e produtor Ronaldo B\u00f4scoli, com quem acaba se casando. Estrela de TV, pol\u00eamica, intensa e briguenta, a \u201cPimentinha\u201d n\u00e3o tarda a ser reconhecida como a maior voz do Brasil, em carreira marcada por altos e baixos. Com dire\u00e7\u00e3o de Hugo Prata, traz no elenco Andreia Horta, Gustavo Machado e Caco Ciocler entre outros.<\/p>\n<figure id=\"attachment_9991\" aria-describedby=\"caption-attachment-9991\" style=\"width: 831px\" class=\"wp-caption aligncenter\"><a href=\"http:\/\/projetocineb.com.br\/wp-content\/uploads\/2017\/07\/DSC_0041.jpg\"><img loading=\"lazy\" decoding=\"async\" class=\"size-full wp-image-9991\" title=\"DSC_0041\" src=\"http:\/\/projetocineb.com.br\/wp-content\/uploads\/2017\/07\/DSC_0041.jpg\" alt=\"\" width=\"831\" height=\"552\" \/><\/a><figcaption id=\"caption-attachment-9991\" class=\"wp-caption-text\">Jo\u00e3o Rodrigues e Maria Jandui Nogueira acompanharam todas as sess\u00f5es do CineB na Vila Rica nesses dez anos.<\/figcaption><\/figure>\n<p>Para Maria Marcondes, que foi coordenadora do projeto de teatro no espa\u00e7o, \u201cElis\u201d \u00e9 um filme bastante moderno, que consegue mostrar o quanto a vida do artista \u00e9 dif\u00edcil e requer muito sacrif\u00edcio. \u201cO artista se empenha para poder levar uma mensagem, algo que acredita e muitas vezes a gente \u00e9 incompreendido. Mas \u00e9 porque o artista, muitas vezes, est\u00e1 pensando l\u00e1 na frente\u201d, explica.<br \/>\nA sess\u00e3o teve um sabor especial para Maria Jandui Nogueira e Jo\u00e3o Rodrigues. O casal acompanhou todas as sess\u00f5es do CineB que aconteceram na associa\u00e7\u00e3o. Eles j\u00e1 integraram a diretoria da entidade em diversas gest\u00f5es, mas agora s\u00f3 participam das atividades sociais e culturais.\u201cEu gosto de cinema e sempre dei valor para nossas coisas. Por isso estou aqui em todas as sess\u00f5es\u201d, comenta Maria. Ao final, teve parab\u00e9ns para os dez anos do projeto e pelas 13 sess\u00f5es na Vila Rica.<\/p>\n<figure id=\"attachment_9992\" aria-describedby=\"caption-attachment-9992\" style=\"width: 831px\" class=\"wp-caption aligncenter\"><a href=\"http:\/\/projetocineb.com.br\/wp-content\/uploads\/2017\/07\/DSC_0042.jpg\"><img loading=\"lazy\" decoding=\"async\" class=\"size-full wp-image-9992\" title=\"DSC_0042\" src=\"http:\/\/projetocineb.com.br\/wp-content\/uploads\/2017\/07\/DSC_0042.jpg\" alt=\"\" width=\"831\" height=\"552\" \/><\/a><figcaption id=\"caption-attachment-9992\" class=\"wp-caption-text\">Ao fim da sess\u00e3o, comemora\u00e7\u00e3o aos 10 anos do projeto. Na mesa o bolo feito especialmente para a comemora\u00e7\u00e3o e os trof\u00e9us que a entidade ganhou em todas as edi\u00e7\u00f5es do Pr\u00eamio CineB.<\/figcaption><\/figure>\n<p>Na sess\u00e3o foram sorteados camisetas e distribu\u00eddos exemplares do jornal \u201cLe Monde Diplomatique Brasil\u201d, parceiro do CineB. O CineB \u00e9 um circuito itinerante de cinema realizado pelo Sindicato dos Banc\u00e1rios de S\u00e3o Paulo, Osasco e Regi\u00e3o e pela Brazucah Produ\u00e7\u00f5es. Desde 2007, o j\u00e1 atingiu um p\u00fablico superior a 56 mil espectadores em mais de 430 sess\u00f5es gratuitas realizadas em comunidades de S\u00e3o Paulo. A iniciativa busca democratizar o acesso ao cinema nacional e divulgar os filmes produzidos no Brasil. Foram exibidos na tela do CineB mais de 100 longas-metragens e 69 curtas-metragens, al\u00e9m da realiza\u00e7\u00e3o de pr\u00e9-estreias exclusivas.<\/p>\n","protected":false},"excerpt":{"rendered":"<p>O CineB esteve no \u00faltimo s\u00e1bado, 1\u00ba de julho, na Associa\u00e7\u00e3o dos Moradores da Vila Rica, na Zona Leste de[&#8230;]<\/p>\n","protected":false},"author":2,"featured_media":9985,"comment_status":"open","ping_status":"open","sticky":false,"template":"","format":"standard","meta":[],"categories":[2,6],"tags":[114,137,181,237,252,448,612,1133],"_links":{"self":[{"href":"https:\/\/projetocineb.com.br\/index.php?rest_route=\/wp\/v2\/posts\/9984"}],"collection":[{"href":"https:\/\/projetocineb.com.br\/index.php?rest_route=\/wp\/v2\/posts"}],"about":[{"href":"https:\/\/projetocineb.com.br\/index.php?rest_route=\/wp\/v2\/types\/post"}],"author":[{"embeddable":true,"href":"https:\/\/projetocineb.com.br\/index.php?rest_route=\/wp\/v2\/users\/2"}],"replies":[{"embeddable":true,"href":"https:\/\/projetocineb.com.br\/index.php?rest_route=%2Fwp%2Fv2%2Fcomments&post=9984"}],"version-history":[{"count":0,"href":"https:\/\/projetocineb.com.br\/index.php?rest_route=\/wp\/v2\/posts\/9984\/revisions"}],"wp:featuredmedia":[{"embeddable":true,"href":"https:\/\/projetocineb.com.br\/index.php?rest_route=\/wp\/v2\/media\/9985"}],"wp:attachment":[{"href":"https:\/\/projetocineb.com.br\/index.php?rest_route=%2Fwp%2Fv2%2Fmedia&parent=9984"}],"wp:term":[{"taxonomy":"category","embeddable":true,"href":"https:\/\/projetocineb.com.br\/index.php?rest_route=%2Fwp%2Fv2%2Fcategories&post=9984"},{"taxonomy":"post_tag","embeddable":true,"href":"https:\/\/projetocineb.com.br\/index.php?rest_route=%2Fwp%2Fv2%2Ftags&post=9984"}],"curies":[{"name":"wp","href":"https:\/\/api.w.org\/{rel}","templated":true}]}}