{"id":881,"count":1,"description":"","link":"https:\/\/projetocineb.com.br\/?tag=ocupacao-povo-sem-medo-do-capao","name":"Ocupa\u00e7\u00e3o Povo Sem Medo do Cap\u00e3o","slug":"ocupacao-povo-sem-medo-do-capao","taxonomy":"post_tag","meta":[],"_links":{"self":[{"href":"https:\/\/projetocineb.com.br\/index.php?rest_route=\/wp\/v2\/tags\/881"}],"collection":[{"href":"https:\/\/projetocineb.com.br\/index.php?rest_route=\/wp\/v2\/tags"}],"about":[{"href":"https:\/\/projetocineb.com.br\/index.php?rest_route=\/wp\/v2\/taxonomies\/post_tag"}],"wp:post_type":[{"href":"https:\/\/projetocineb.com.br\/index.php?rest_route=%2Fwp%2Fv2%2Fposts&tags=881"}],"curies":[{"name":"wp","href":"https:\/\/api.w.org\/{rel}","templated":true}]}}